{"id":2844,"date":"2026-09-03T11:59:26","date_gmt":"2026-09-03T09:59:26","guid":{"rendered":"https:\/\/www.alganda.org\/webalganda\/?p=2844"},"modified":"2026-09-03T12:29:03","modified_gmt":"2026-09-03T10:29:03","slug":"habitacion-404-ayuda-relato-prevencion-del-suicidio","status":"publish","type":"post","link":"http:\/\/www.alganda.org\/webalganda\/habitacion-404-ayuda-relato-prevencion-del-suicidio\/","title":{"rendered":"Habitaci\u00f3n 404: AYUDA | Relato prevenci\u00f3n del suicidio"},"content":{"rendered":"<p id=\"p-rc_8b8dff0b55ea03ef-22\" data-path-to-node=\"0\"><span data-path-to-node=\"0,0\">Con motivo del <b data-path-to-node=\"0,0\" data-index-in-node=\"15\">10 de septiembre, D\u00eda Mundial para la Prevenci\u00f3n del Suicidio<\/b>, presentamos <i data-path-to-node=\"0,0\" data-index-in-node=\"90\">Habitaci\u00f3n 404<\/i><\/span><span data-path-to-node=\"0,2\">, un relato ilustrado que nace dentro del <b data-path-to-node=\"0,2\" data-index-in-node=\"42\">Proyecto \u00bfHAMBLAMOS?<\/b> de la Asociaci\u00f3n Alganda Servicios Sociales, promovido por la Fundaci\u00f3n Sociosanitaria de Castilla-La Mancha<\/span><span data-path-to-node=\"0,4\">.<\/span><\/p>\n<div class=\"source-inline-chip-container luminous-sources ng-star-inserted\">\n<div class=\"source-label-container gds-body-s ng-star-inserted\" dir=\"auto\"><span data-path-to-node=\"1,0\">A trav\u00e9s de la historia de Alex, esta obra visibiliza el aislamiento y el peso del silencio ante la conducta suicida en la poblaci\u00f3n infantojuvenil<\/span><span data-path-to-node=\"1,2\">, recordando que romper el muro y dar el paso de pedir ayuda puede cambiarlo todo.<\/span><\/div>\n<\/div>\n<p data-path-to-node=\"3\"><span data-path-to-node=\"4,0,0,0\">Puedes descargar aqu\u00ed de forma gratuita <strong><span style=\"color: #e14d43;\"><a style=\"color: #e14d43;\" href=\"http:\/\/www.alganda.org\/webalganda\/wp-content\/uploads\/2026\/09\/Habitacion-404-Relato-prevencion-conducta-suicida-Alganda-2026.pdf\">Habitaci\u00f3n 404<\/a><\/span><\/strong><\/span> o si lo prefieres puedes disfrutar la versi\u00f3n adaptada en <span style=\"color: #e14d43;\"><a style=\"color: #e14d43;\" href=\"https:\/\/youtu.be\/0sjCzKwoPM8\"><strong>YouTube<\/strong><\/a><span style=\"color: #000000;\">.<\/span><\/span><\/p>\n<p data-path-to-node=\"6\"><b data-path-to-node=\"6\" data-index-in-node=\"0\">No est\u00e1s sol@, hay ayuda disponible<\/b><\/p>\n<p data-path-to-node=\"7\">Si t\u00fa o alguien que conoces est\u00e1 pasando por un momento dif\u00edcil o tiene pensamientos suicidas, recuerda que <b data-path-to-node=\"7\" data-index-in-node=\"108\">no est\u00e1s solo<\/b>. Hablar es el primer paso y existen recursos profesionales y gratuitos disponibles las 24 horas:<\/p>\n<ul data-path-to-node=\"8\">\n<li><b data-path-to-node=\"8,2,0\" data-index-in-node=\"0\">112:<\/b> Urgencias y emergencias<\/li>\n<li>\n<p data-path-to-node=\"8,0,0\"><b data-path-to-node=\"8,0,0\" data-index-in-node=\"0\">024:<\/b> L\u00ednea de atenci\u00f3n a la conducta suicida (Ministerio de Sanidad).<\/p>\n<\/li>\n<li>\n<p data-path-to-node=\"8,1,0\"><b data-path-to-node=\"8,1,0\" data-index-in-node=\"0\">717 003 717:<\/b> Tel\u00e9fono de la Esperanza.<\/p>\n<\/li>\n<li>\n<p data-path-to-node=\"8,2,0\">624 284 558: \u00bfHABLAMOS? proyecto de prevenci\u00f3n del suicidio de Alganda Servicios Sociales.<\/p>\n<\/li>\n<\/ul>\n<p><img loading=\"lazy\" decoding=\"async\" class=\"aligncenter wp-image-2846 size-full\" src=\"http:\/\/www.alganda.org\/webalganda\/wp-content\/uploads\/2026\/09\/Cartel-horizontal-cerrado-por-vacaciones-minimalista-blanco-y-negro.png\" alt=\"\" width=\"2245\" height=\"756\" srcset=\"http:\/\/www.alganda.org\/webalganda\/wp-content\/uploads\/2026\/09\/Cartel-horizontal-cerrado-por-vacaciones-minimalista-blanco-y-negro.png 2245w, http:\/\/www.alganda.org\/webalganda\/wp-content\/uploads\/2026\/09\/Cartel-horizontal-cerrado-por-vacaciones-minimalista-blanco-y-negro-300x101.png 300w, http:\/\/www.alganda.org\/webalganda\/wp-content\/uploads\/2026\/09\/Cartel-horizontal-cerrado-por-vacaciones-minimalista-blanco-y-negro-1024x345.png 1024w, http:\/\/www.alganda.org\/webalganda\/wp-content\/uploads\/2026\/09\/Cartel-horizontal-cerrado-por-vacaciones-minimalista-blanco-y-negro-768x259.png 768w, http:\/\/www.alganda.org\/webalganda\/wp-content\/uploads\/2026\/09\/Cartel-horizontal-cerrado-por-vacaciones-minimalista-blanco-y-negro-1536x517.png 1536w, http:\/\/www.alganda.org\/webalganda\/wp-content\/uploads\/2026\/09\/Cartel-horizontal-cerrado-por-vacaciones-minimalista-blanco-y-negro-2048x690.png 2048w, http:\/\/www.alganda.org\/webalganda\/wp-content\/uploads\/2026\/09\/Cartel-horizontal-cerrado-por-vacaciones-minimalista-blanco-y-negro-1170x394.png 1170w\" sizes=\"auto, (max-width: 2245px) 100vw, 2245px\" \/><\/p>\n","protected":false},"excerpt":{"rendered":"<p>Con motivo del 10 de septiembre, D\u00eda Mundial para la Prevenci\u00f3n del Suicidio, presentamos Habitaci\u00f3n 404, un relato ilustrado que nace dentro del Proyecto \u00bfHAMBLAMOS? de la Asociaci\u00f3n Alganda Servicios [&hellip;]<\/p>\n","protected":false},"author":4,"featured_media":2849,"comment_status":"open","ping_status":"open","sticky":false,"template":"","format":"standard","meta":{"jetpack_post_was_ever_published":false,"_jetpack_newsletter_access":"","_jetpack_dont_email_post_to_subs":false,"_jetpack_newsletter_tier_id":0,"_jetpack_memberships_contains_paywalled_content":false,"_jetpack_memberships_contains_paid_content":false,"footnotes":""},"categories":[9],"tags":[],"class_list":["post-2844","post","type-post","status-publish","format-standard","has-post-thumbnail","hentry","category-publicaciones"],"jetpack_featured_media_url":"http:\/\/www.alganda.org\/webalganda\/wp-content\/uploads\/2026\/09\/Portada.png","jetpack_sharing_enabled":true,"jetpack_shortlink":"https:\/\/wp.me\/p9DCiD-JS","_links":{"self":[{"href":"http:\/\/www.alganda.org\/webalganda\/wp-json\/wp\/v2\/posts\/2844","targetHints":{"allow":["GET"]}}],"collection":[{"href":"http:\/\/www.alganda.org\/webalganda\/wp-json\/wp\/v2\/posts"}],"about":[{"href":"http:\/\/www.alganda.org\/webalganda\/wp-json\/wp\/v2\/types\/post"}],"author":[{"embeddable":true,"href":"http:\/\/www.alganda.org\/webalganda\/wp-json\/wp\/v2\/users\/4"}],"replies":[{"embeddable":true,"href":"http:\/\/www.alganda.org\/webalganda\/wp-json\/wp\/v2\/comments?post=2844"}],"version-history":[{"count":2,"href":"http:\/\/www.alganda.org\/webalganda\/wp-json\/wp\/v2\/posts\/2844\/revisions"}],"predecessor-version":[{"id":2848,"href":"http:\/\/www.alganda.org\/webalganda\/wp-json\/wp\/v2\/posts\/2844\/revisions\/2848"}],"wp:featuredmedia":[{"embeddable":true,"href":"http:\/\/www.alganda.org\/webalganda\/wp-json\/wp\/v2\/media\/2849"}],"wp:attachment":[{"href":"http:\/\/www.alganda.org\/webalganda\/wp-json\/wp\/v2\/media?parent=2844"}],"wp:term":[{"taxonomy":"category","embeddable":true,"href":"http:\/\/www.alganda.org\/webalganda\/wp-json\/wp\/v2\/categories?post=2844"},{"taxonomy":"post_tag","embeddable":true,"href":"http:\/\/www.alganda.org\/webalganda\/wp-json\/wp\/v2\/tags?post=2844"}],"curies":[{"name":"wp","href":"https:\/\/api.w.org\/{rel}","templated":true}]}}